{"id":484,"date":"2014-08-22T11:54:04","date_gmt":"2014-08-22T10:54:04","guid":{"rendered":"https:\/\/samir-eliouj.com\/?p=484"},"modified":"2016-08-23T22:26:17","modified_gmt":"2016-08-23T21:26:17","slug":"tribu-pure-sofa-meridienne-terrasse","status":"publish","type":"post","link":"https:\/\/samir-eliouj.com\/?p=484","title":{"rendered":"TRIB\u00d9 PURE SOFA MERIDIENNE Terrasse"},"content":{"rendered":"<p><!--:fr--><\/p>\n<p style=\"text-align: justify;\">PURE SOFA MERIDIENNE TERRASSE,<br \/>\nCOMBIN\u00c9 AVEC FAUTEUIL 126 cm\u00a0et table basse\u00a0avec<br \/>\nTOP C\u00c9RAMIQUE EN SOIE GRIS NUAGEUX. Coussins dans le d\u00e9sert, deco<br \/>\nCoussins BAMBOU, bandes\u00a0bambou et bandes\u00a0d\u00e9sert.<\/p>\n<p style=\"text-align: justify;\">Cette ann\u00e9e j&#8217;ai vue la collection de\u00a0TRIB\u00d9 Pure Sofa, et\u00a0j&#8217;ai appr\u00e9ci\u00e9 l&#8217;une des photographie sur le catalogue, une tr\u00e8s belle terrasse bien\u00a0ensoleill\u00e9 dans l&#8217;architecture du style Miami.<\/p>\n<p style=\"text-align: justify;\">La mod\u00e9lisation du mobilier n&#8217;avait rien de sorcier ni l&#8217;architecture, mais j&#8217;ai pass\u00e9 plus de temps en \u00e9clairage,\u00a0ce qui \u00e9tait une combinaison de d&#8217;HDRI et d&#8217;AREA Lights et quelques d\u00e9flecteurs, afin de donner un look Studio de l&#8217;image ainsi que de cr\u00e9er cette atmosph\u00e8re r\u00e9aliste d&#8217;outdoor confortable.<\/p>\n<p style=\"text-align: justify;\">Toute la sc\u00e8ne \u00e0 \u00e9t\u00e9 mod\u00e9liser sur 3DS MAX \u00a0et Photoshop pour le traitement couleur.<\/p>\n<p><a href=\"http:\/\/samir-eliouj.com\/wp-content\/uploads\/Tribu-ESSENTIEL-Sofa-Terrasse-graphiste3D-galerie-GridView-004.jpg\" data-rel=\"lightbox-image-0\" data-rl_title=\"\" data-rl_caption=\"\" title=\"\"><img loading=\"lazy\" decoding=\"async\" class=\"alignnone size-medium wp-image-488\" src=\"http:\/\/samir-eliouj.com\/wp-content\/uploads\/Tribu-ESSENTIEL-Sofa-Terrasse-graphiste3D-galerie-GridView-004-300x198.jpg\" alt=\"Tribu-ESSENTIEL-Sofa-Terrasse-graphiste3D-galerie-GridView-004\" width=\"300\" height=\"198\" srcset=\"https:\/\/samir-eliouj.com\/wp-content\/uploads\/Tribu-ESSENTIEL-Sofa-Terrasse-graphiste3D-galerie-GridView-004-300x198.jpg 300w, https:\/\/samir-eliouj.com\/wp-content\/uploads\/Tribu-ESSENTIEL-Sofa-Terrasse-graphiste3D-galerie-GridView-004-600x397.jpg 600w, https:\/\/samir-eliouj.com\/wp-content\/uploads\/Tribu-ESSENTIEL-Sofa-Terrasse-graphiste3D-galerie-GridView-004-876x580.jpg 876w, https:\/\/samir-eliouj.com\/wp-content\/uploads\/Tribu-ESSENTIEL-Sofa-Terrasse-graphiste3D-galerie-GridView-004.jpg 1000w\" sizes=\"auto, (max-width: 300px) 100vw, 300px\" \/><\/a> <a href=\"http:\/\/samir-eliouj.com\/wp-content\/uploads\/Tribu-ESSENTIEL-Sofa-Terrasse-graphiste3D-galerie-003.jpg\" data-rel=\"lightbox-image-1\" data-rl_title=\"\" data-rl_caption=\"\" title=\"\"><img loading=\"lazy\" decoding=\"async\" class=\"alignnone size-medium wp-image-487\" src=\"http:\/\/samir-eliouj.com\/wp-content\/uploads\/Tribu-ESSENTIEL-Sofa-Terrasse-graphiste3D-galerie-003-300x198.jpg\" alt=\"Tribu-ESSENTIEL-Sofa-Terrasse-graphiste3D-galerie-003\" width=\"300\" height=\"198\" srcset=\"https:\/\/samir-eliouj.com\/wp-content\/uploads\/Tribu-ESSENTIEL-Sofa-Terrasse-graphiste3D-galerie-003-300x198.jpg 300w, https:\/\/samir-eliouj.com\/wp-content\/uploads\/Tribu-ESSENTIEL-Sofa-Terrasse-graphiste3D-galerie-003-600x397.jpg 600w, https:\/\/samir-eliouj.com\/wp-content\/uploads\/Tribu-ESSENTIEL-Sofa-Terrasse-graphiste3D-galerie-003-876x580.jpg 876w, https:\/\/samir-eliouj.com\/wp-content\/uploads\/Tribu-ESSENTIEL-Sofa-Terrasse-graphiste3D-galerie-003.jpg 1000w\" sizes=\"auto, (max-width: 300px) 100vw, 300px\" \/><\/a> <a href=\"http:\/\/samir-eliouj.com\/wp-content\/uploads\/Tribu-ESSENTIEL-Sofa-Terrasse-graphiste3D-galerie-002.jpg\" data-rel=\"lightbox-image-2\" data-rl_title=\"\" data-rl_caption=\"\" title=\"\"><img loading=\"lazy\" decoding=\"async\" class=\"alignnone size-medium wp-image-486\" src=\"http:\/\/samir-eliouj.com\/wp-content\/uploads\/Tribu-ESSENTIEL-Sofa-Terrasse-graphiste3D-galerie-002-300x198.jpg\" alt=\"Tribu-ESSENTIEL-Sofa-Terrasse-graphiste3D-galerie-002\" width=\"300\" height=\"198\" srcset=\"https:\/\/samir-eliouj.com\/wp-content\/uploads\/Tribu-ESSENTIEL-Sofa-Terrasse-graphiste3D-galerie-002-300x198.jpg 300w, https:\/\/samir-eliouj.com\/wp-content\/uploads\/Tribu-ESSENTIEL-Sofa-Terrasse-graphiste3D-galerie-002-600x397.jpg 600w, https:\/\/samir-eliouj.com\/wp-content\/uploads\/Tribu-ESSENTIEL-Sofa-Terrasse-graphiste3D-galerie-002-876x580.jpg 876w, https:\/\/samir-eliouj.com\/wp-content\/uploads\/Tribu-ESSENTIEL-Sofa-Terrasse-graphiste3D-galerie-002.jpg 1000w\" sizes=\"auto, (max-width: 300px) 100vw, 300px\" \/><\/a> <a href=\"http:\/\/samir-eliouj.com\/wp-content\/uploads\/Tribu-ESSENTIEL-Sofa-Terrasse-graphiste3D-galerie-001.jpg\" data-rel=\"lightbox-image-3\" data-rl_title=\"\" data-rl_caption=\"\" title=\"\"><img loading=\"lazy\" decoding=\"async\" class=\"alignnone size-medium wp-image-485\" src=\"http:\/\/samir-eliouj.com\/wp-content\/uploads\/Tribu-ESSENTIEL-Sofa-Terrasse-graphiste3D-galerie-001-300x198.jpg\" alt=\"Tribu-ESSENTIEL-Sofa-Terrasse-graphiste3D-galerie-001\" width=\"300\" height=\"198\" srcset=\"https:\/\/samir-eliouj.com\/wp-content\/uploads\/Tribu-ESSENTIEL-Sofa-Terrasse-graphiste3D-galerie-001-300x198.jpg 300w, https:\/\/samir-eliouj.com\/wp-content\/uploads\/Tribu-ESSENTIEL-Sofa-Terrasse-graphiste3D-galerie-001-600x397.jpg 600w, https:\/\/samir-eliouj.com\/wp-content\/uploads\/Tribu-ESSENTIEL-Sofa-Terrasse-graphiste3D-galerie-001-876x580.jpg 876w, https:\/\/samir-eliouj.com\/wp-content\/uploads\/Tribu-ESSENTIEL-Sofa-Terrasse-graphiste3D-galerie-001.jpg 1000w\" sizes=\"auto, (max-width: 300px) 100vw, 300px\" \/><\/a><!--:--><\/p>\n","protected":false},"excerpt":{"rendered":"<p>PURE SOFA MERIDIENNE TERRASSE, COMBIN\u00c9 AVEC FAUTEUIL 126 cm\u00a0et table basse\u00a0avec TOP C\u00c9RAMIQUE EN SOIE GRIS NUAGEUX. Coussins dans le d\u00e9sert, deco Coussins BAMBOU, &hellip; <a href=\"https:\/\/samir-eliouj.com\/?p=484\" class=\"readmore\">More <span class=\"screen-reader-text\">TRIB\u00d9 PURE SOFA MERIDIENNE Terrasse<\/span> &raquo;<\/a><\/p>\n","protected":false},"author":1,"featured_media":491,"comment_status":"closed","ping_status":"closed","sticky":false,"template":"","format":"standard","meta":{"footnotes":""},"categories":[5],"tags":[],"class_list":["post-484","post","type-post","status-publish","format-standard","has-post-thumbnail","hentry","category-exterieurs"],"jetpack_featured_media_url":"https:\/\/samir-eliouj.com\/wp-content\/uploads\/Tribu-ESSENTIEL-Sofa-Terrasse-graphiste3D-galerie-cover.jpg","_links":{"self":[{"href":"https:\/\/samir-eliouj.com\/index.php?rest_route=\/wp\/v2\/posts\/484","targetHints":{"allow":["GET"]}}],"collection":[{"href":"https:\/\/samir-eliouj.com\/index.php?rest_route=\/wp\/v2\/posts"}],"about":[{"href":"https:\/\/samir-eliouj.com\/index.php?rest_route=\/wp\/v2\/types\/post"}],"author":[{"embeddable":true,"href":"https:\/\/samir-eliouj.com\/index.php?rest_route=\/wp\/v2\/users\/1"}],"replies":[{"embeddable":true,"href":"https:\/\/samir-eliouj.com\/index.php?rest_route=%2Fwp%2Fv2%2Fcomments&post=484"}],"version-history":[{"count":6,"href":"https:\/\/samir-eliouj.com\/index.php?rest_route=\/wp\/v2\/posts\/484\/revisions"}],"predecessor-version":[{"id":490,"href":"https:\/\/samir-eliouj.com\/index.php?rest_route=\/wp\/v2\/posts\/484\/revisions\/490"}],"wp:featuredmedia":[{"embeddable":true,"href":"https:\/\/samir-eliouj.com\/index.php?rest_route=\/wp\/v2\/media\/491"}],"wp:attachment":[{"href":"https:\/\/samir-eliouj.com\/index.php?rest_route=%2Fwp%2Fv2%2Fmedia&parent=484"}],"wp:term":[{"taxonomy":"category","embeddable":true,"href":"https:\/\/samir-eliouj.com\/index.php?rest_route=%2Fwp%2Fv2%2Fcategories&post=484"},{"taxonomy":"post_tag","embeddable":true,"href":"https:\/\/samir-eliouj.com\/index.php?rest_route=%2Fwp%2Fv2%2Ftags&post=484"}],"curies":[{"name":"wp","href":"https:\/\/api.w.org\/{rel}","templated":true}]}}